{"id":1488,"date":"2020-06-01T10:33:41","date_gmt":"2020-06-01T09:33:41","guid":{"rendered":"http:\/\/volksbanken-nightcup.de\/?p=1488"},"modified":"2022-04-29T01:55:41","modified_gmt":"2022-04-29T00:55:41","slug":"5-km-julian-borgelt-1549-minuten","status":"publish","type":"post","link":"http:\/\/volksbanken-nightcup.de\/?p=1488","title":{"rendered":"5 km: Julian Borgelt 15:49 Minuten"},"content":{"rendered":"\t\t<div data-elementor-type=\"wp-post\" data-elementor-id=\"1488\" class=\"elementor elementor-1488\">\n\t\t\t\t\t\t<div class=\"elementor-inner\">\n\t\t\t\t<div class=\"elementor-section-wrap\">\n\t\t\t\t\t\t\t\t\t<section class=\"elementor-section elementor-top-section elementor-element elementor-element-5ae9798a elementor-section-boxed elementor-section-height-default elementor-section-height-default wpr-particle-no wpr-jarallax-no wpr-parallax-no wpr-sticky-section-no\" data-id=\"5ae9798a\" data-element_type=\"section\">\n\t\t\t\t\t\t<div class=\"elementor-container elementor-column-gap-default\">\n\t\t\t\t\t\t\t<div class=\"elementor-row\">\n\t\t\t\t\t<div class=\"elementor-column elementor-col-100 elementor-top-column elementor-element elementor-element-14d7ddf8\" data-id=\"14d7ddf8\" data-element_type=\"column\">\n\t\t\t<div class=\"elementor-column-wrap elementor-element-populated\">\n\t\t\t\t\t\t\t<div class=\"elementor-widget-wrap\">\n\t\t\t\t\t\t<div class=\"elementor-element elementor-element-47931077 elementor-widget elementor-widget-text-editor\" data-id=\"47931077\" data-element_type=\"widget\" data-widget_type=\"text-editor.default\">\n\t\t\t\t<div class=\"elementor-widget-container\">\n\t\t\t\t\t\t\t\t<div class=\"elementor-text-editor elementor-clearfix\">\n\t\t\t\t<p style=\"margin: 0cm 0cm 0.0001pt; font-size: medium; font-family: Calibri, sans-serif; caret-color: rgb(0, 0, 0); color: rgb(0, 0, 0);\"><span style=\"font-size: 10pt; font-family: Arial, sans-serif;\">Volksbanken-Nightcup Solol\u00e4ufe: Julian Borgelt mit neuer 5000-m-Bestzeit<o:p><\/o:p><\/span><\/p><p style=\"margin: 0cm 0cm 0.0001pt; font-size: medium; font-family: Calibri, sans-serif; caret-color: rgb(0, 0, 0); color: rgb(0, 0, 0);\"><span style=\"font-size: 10pt; font-family: Arial, sans-serif;\">&nbsp;<\/span><\/p><p style=\"margin: 0cm 0cm 0.0001pt; font-size: medium; font-family: Calibri, sans-serif; caret-color: rgb(0, 0, 0); color: rgb(0, 0, 0);\"><span style=\"font-size: 10pt; font-family: Arial, sans-serif;\">Kreis G\u00fctersloh (rob). Die Solol\u00e4ufe um den Volksbanken-Nightcup brachten vielen Teilnehmern in diesem Fr\u00fchjahr pers\u00f6nliche Bestzeiten. Beim dritten Durchgang, der zum Pfingstwochenende \u00fcber 5 Kilometer f\u00fchrte, gab es mit 296 \u201eFinishern\u201c zudem einen Teilnehmerrekord.&nbsp;<o:p><\/o:p><\/span><\/p><p style=\"margin: 0cm 0cm 0.0001pt; font-size: medium; font-family: Calibri, sans-serif; caret-color: rgb(0, 0, 0); color: rgb(0, 0, 0);\"><span style=\"font-size: 10pt; font-family: Arial, sans-serif;\">&nbsp;<\/span><\/p><p style=\"margin: 0cm 0cm 0.0001pt; font-size: medium; font-family: Calibri, sans-serif; caret-color: rgb(0, 0, 0); color: rgb(0, 0, 0);\"><span style=\"font-size: 10pt; font-family: Arial, sans-serif;\">Der Braunschweiger Marathonspezialist Tim-Niklas Schwippel baute seinen Vorsprung in der Serienwertung auf drei Punkte aus. Schwippel, der nun mit Platzziffer 4 die Cup-Wertung anf\u00fchrt, rannte den \u201eF\u00fcnfer\u201c in 15:26 Minuten, genau eine Sekunde schneller als sein Teamkollege Dominik Schrader (15:27). Schrader und der Verler Tom Harder (15:49 Minuten) teilen sich mit jeweils Platzziffer sieben Rang 2. Den gr\u00f6\u00dften Sprung nach vorn machte Julian Borgelt von der DJK G\u00fctersloh. Der 19-J\u00e4hrige lief mit 15:49 Minuten im LAZ Nord auf der Bahn eine neue pers\u00f6nliche Bestzeit (\u201eZum ersten Mal die 16 Minuten geknackt!\u201c) und rangiert mit 15 Serienpunkten nur noch einen Z\u00e4hler hinter Jan Kaschura (Runartists Holzminden). Der 35-j\u00e4hrige Kaschura, bei den ersten beiden Durchg\u00e4ngen zweimal Vierter, blieb beim 5-km-Lauf zeitlich etwas hinter dem Spitzentrio zur\u00fcck \u2013 und hatte einen guten Grund daf\u00fcr. \u201eSeit 15 Tagen Papa, mehr ist momentan nicht im Tank \u201c, freute sich Kaschura, wenigstens weiterhin im Rennen zu sein.<o:p><\/o:p><\/span><\/p><p style=\"margin: 0cm 0cm 0.0001pt; font-size: medium; font-family: Calibri, sans-serif; caret-color: rgb(0, 0, 0); color: rgb(0, 0, 0);\"><span style=\"font-size: 10pt; font-family: Arial, sans-serif;\">&nbsp;<\/span><\/p><p style=\"margin: 0cm 0cm 0.0001pt; font-size: medium; font-family: Calibri, sans-serif; caret-color: rgb(0, 0, 0); color: rgb(0, 0, 0);\"><span style=\"font-size: 10pt; font-family: Arial, sans-serif;\">Der Herzebrocker Julian Borgelt absolvierte den Start zum 5.000-m-Lauf wieder mit seinen Teamkollegen Ferhard Sino und Roland Przybilla im LAZ Nord. W\u00e4hrend die DJK den 7,5er und den 10er-Lauf vom LAZ hinaus f\u00fchrte \u00fcber den Postdamm nach Isselhorst, bestritten sie den 5000er am Samstag im Stadion. Da das Trio nach dem Start aufgrund der unterschiedlichen Tempi sofort auseinandergerissen war, wurde der Wettbewerb f\u00fcr jeden zum Soloevent. Silvesterlaufsieger Sino finishte in 16:59 Minuten, Coach Przybilla (M50) machte nach 18:13 Minuten den letzten Schritt. Der Blick auf den Screenshot seiner Uhr verdeutlichte bei Przybilla indes erhebliche Abweichungen: Danach sollen die zw\u00f6lfeinhalb LAZ-Runden 5,32 Kilometer lang gewesen sein.<o:p><\/o:p><\/span><\/p><p style=\"margin: 0cm 0cm 0.0001pt; font-size: medium; font-family: Calibri, sans-serif; caret-color: rgb(0, 0, 0); color: rgb(0, 0, 0);\"><span style=\"font-size: 10pt; font-family: Arial, sans-serif;\">&nbsp;<\/span><\/p><p style=\"margin: 0cm 0cm 0.0001pt; font-size: medium; font-family: Calibri, sans-serif; caret-color: rgb(0, 0, 0); color: rgb(0, 0, 0);\"><span style=\"font-size: 10pt; font-family: Arial, sans-serif;\">Bei den Frauen baute Nadine Serafinowski (TSVE Bielefeld) ihre F\u00fchrung weiter aus. Mit 20:14 Minuten war die 29-J\u00e4hrige zum dritten Mal schnellste Frau. Auch Isabelle Weylandt (Trispeed Marienfeld), die mit 20:56 Minuten ein starkes Ergebnis hinlegte, d\u00fcrfte beim letzten Durchgang in der n\u00e4chsten Woche Rang 2 in der Cup-Wertung nicht mehr zu nehmen sein. Gering fielen die Abst\u00e4nde in den Top-Ten insgesamt aus. Die zehntschnellste 5-km-Frau, Vanessa Bradler, war mit 22:22 nur gut zwei Minuten zur\u00fcck. Dazwischen trennten Svea L\u00fcdorff (Trispeed) als Dritte in 21:10 Minuten, Elke Wolf (SCC Scharmede, 21:23) und Kristina Albers (TSVE, 21:24) nur Sekunden.<o:p><\/o:p><\/span><\/p><p style=\"margin: 0cm 0cm 0.0001pt; font-size: medium; font-family: Calibri, sans-serif; caret-color: rgb(0, 0, 0); color: rgb(0, 0, 0);\"><span style=\"font-size: 10pt; font-family: Arial, sans-serif;\">&nbsp;<\/span><\/p><p style=\"margin: 0cm 0cm 0.0001pt; font-size: medium; font-family: Calibri, sans-serif; caret-color: rgb(0, 0, 0); color: rgb(0, 0, 0);\"><span style=\"font-size: 10pt; font-family: Arial, sans-serif;\">Stimmen zum dritten Durchgang des Nightcups<o:p><\/o:p><\/span><\/p><p style=\"margin: 0cm 0cm 0.0001pt; font-size: medium; font-family: Calibri, sans-serif; caret-color: rgb(0, 0, 0); color: rgb(0, 0, 0);\"><span style=\"font-size: 10pt; font-family: Arial, sans-serif;\">&nbsp;<\/span><\/p><p style=\"margin: 0cm 0cm 0.0001pt; font-size: medium; font-family: Calibri, sans-serif; caret-color: rgb(0, 0, 0); color: rgb(0, 0, 0);\"><span style=\"font-size: 10pt; font-family: Arial, sans-serif;\">Sascha Thiel (17:07 Minuten): \u201ePers\u00f6nliche Bestzeit \u2013 auch wenn es kein offizieller Lauf\/vermesse Strecke war und das am Geburtstag \u2013 die Form ist da. Es fragt sich nur wof\u00fcr, denn das letzte noch verbliebende Saison-Highlight, &#8220;The Championschip&#8221;, ist jetzt auch abgesagt.\u201c<o:p><\/o:p><\/span><\/p><p style=\"margin: 0cm 0cm 0.0001pt; font-size: medium; font-family: Calibri, sans-serif; caret-color: rgb(0, 0, 0); color: rgb(0, 0, 0);\"><span style=\"font-size: 10pt; font-family: Arial, sans-serif;\">&nbsp;<\/span><\/p><p style=\"margin: 0cm 0cm 0.0001pt; font-size: medium; font-family: Calibri, sans-serif; caret-color: rgb(0, 0, 0); color: rgb(0, 0, 0);\"><span style=\"font-size: 10pt; font-family: Arial, sans-serif;\">Alex Krau\u00dfe (18:31 Minuten): \u201eNightcuplauf vor dem Fr\u00fchst\u00fcck. Die Welt ist verr\u00fcckt!\u201c<o:p><\/o:p><\/span><\/p><p style=\"margin: 0cm 0cm 0.0001pt; font-size: medium; font-family: Calibri, sans-serif; caret-color: rgb(0, 0, 0); color: rgb(0, 0, 0);\"><span style=\"font-size: 10pt; font-family: Arial, sans-serif;\">&nbsp;<\/span><\/p><p style=\"margin: 0cm 0cm 0.0001pt; font-size: medium; font-family: Calibri, sans-serif; caret-color: rgb(0, 0, 0); color: rgb(0, 0, 0);\"><span style=\"font-size: 10pt; font-family: Arial, sans-serif;\">Denis Siegfried-Nawatzki (18:50 Minuten): \u201eVersp\u00e4tete Zeiteingabe wegen Krei\u00dfsaalbesuchs, ich hoffe es klappt noch. Der Lauf war am 30. Mai, morgens.\u201c&nbsp;<o:p><\/o:p><\/span><\/p><p style=\"margin: 0cm 0cm 0.0001pt; font-size: medium; font-family: Calibri, sans-serif; caret-color: rgb(0, 0, 0); color: rgb(0, 0, 0);\"><span style=\"font-size: 10pt; font-family: Arial, sans-serif;\">&nbsp;<\/span><\/p><p style=\"margin: 0cm 0cm 0.0001pt; font-size: medium; font-family: Calibri, sans-serif; caret-color: rgb(0, 0, 0); color: rgb(0, 0, 0);\"><span style=\"font-size: 10pt; font-family: Arial, sans-serif;\">Stephan Telahr (20:34): Pers\u00f6nliche Bestzeit auf der sch\u00f6nen Sonneninsel Fehmarn.<o:p><\/o:p><\/span><\/p><p style=\"margin: 0cm 0cm 0.0001pt; font-size: medium; font-family: Calibri, sans-serif; caret-color: rgb(0, 0, 0); color: rgb(0, 0, 0);\"><span style=\"font-size: 10pt; font-family: Arial, sans-serif;\">&nbsp;<\/span><\/p><p style=\"margin: 0cm 0cm 0.0001pt; font-size: medium; font-family: Calibri, sans-serif; caret-color: rgb(0, 0, 0); color: rgb(0, 0, 0);\"><span style=\"font-size: 10pt; font-family: Arial, sans-serif;\">Ralf K\u00f6nig (20:56): \u201e<\/span><span style=\"font-size: 10pt; font-family: Arial, sans-serif;\">Schade, nur noch ein Lauf.\u201c<o:p><\/o:p><\/span><\/p><p style=\"margin: 0cm 0cm 0.0001pt; font-size: medium; font-family: Calibri, sans-serif; caret-color: rgb(0, 0, 0); color: rgb(0, 0, 0);\"><span style=\"font-size: 10pt; font-family: Arial, sans-serif;\">&nbsp;<\/span><\/p><p style=\"margin: 0cm 0cm 0.0001pt; font-size: medium; font-family: Calibri, sans-serif; caret-color: rgb(0, 0, 0); color: rgb(0, 0, 0);\"><span style=\"font-size: 10pt; font-family: Arial, sans-serif;\">Kai Moll (21:01): \u201ePers\u00f6nliche Bestzeit und mein erster Wettkampf :)\u201c<o:p><\/o:p><\/span><\/p><p style=\"margin: 0cm 0cm 0.0001pt; font-size: medium; font-family: Calibri, sans-serif; caret-color: rgb(0, 0, 0); color: rgb(0, 0, 0);\"><span style=\"font-size: 10pt; font-family: Arial, sans-serif;\">&nbsp;<\/span><\/p><p style=\"margin: 0cm 0cm 0.0001pt; font-size: medium; font-family: Calibri, sans-serif; caret-color: rgb(0, 0, 0); color: rgb(0, 0, 0);\"><span style=\"font-size: 10pt; font-family: Arial, sans-serif;\">Jan Beckmann (21:14): \u201eMega Lauf, macht echt Bock!\u201c<o:p><\/o:p><\/span><\/p><p style=\"margin: 0cm 0cm 0.0001pt; font-size: medium; font-family: Calibri, sans-serif; caret-color: rgb(0, 0, 0); color: rgb(0, 0, 0);\"><span style=\"font-size: 10pt; font-family: Arial, sans-serif;\">&nbsp;<\/span><\/p><p style=\"margin: 0cm 0cm 0.0001pt; font-size: medium; font-family: Calibri, sans-serif; caret-color: rgb(0, 0, 0); color: rgb(0, 0, 0);\"><span style=\"font-size: 10pt; font-family: Arial, sans-serif;\">Svea L\u00fcdorff (21:10): \u201eIch wurde von meinem Freund gepaced!\u201c<o:p><\/o:p><\/span><\/p><p style=\"margin: 0cm 0cm 0.0001pt; font-size: medium; font-family: Calibri, sans-serif; caret-color: rgb(0, 0, 0); color: rgb(0, 0, 0);\"><span style=\"font-size: 10pt; font-family: Arial, sans-serif;\">&nbsp;<\/span><\/p><p style=\"margin: 0cm 0cm 0.0001pt; font-size: medium; font-family: Calibri, sans-serif; caret-color: rgb(0, 0, 0); color: rgb(0, 0, 0);\"><span style=\"font-size: 10pt; font-family: Arial, sans-serif;\">Elke Wolf (21:23): \u201eEs macht Spa\u00df und durch die Serie werde ich nach langer Verletzungsphase&nbsp;<o:p><\/o:p><\/span><\/p><p style=\"margin: 0cm 0cm 0.0001pt; font-size: medium; font-family: Calibri, sans-serif; caret-color: rgb(0, 0, 0); color: rgb(0, 0, 0);\"><span style=\"font-size: 10pt; font-family: Arial, sans-serif;\">&nbsp;<\/span><\/p><p style=\"margin: 0cm 0cm 0.0001pt; font-size: medium; font-family: Calibri, sans-serif; caret-color: rgb(0, 0, 0); color: rgb(0, 0, 0);\"><span style=\"font-size: 10pt; font-family: Arial, sans-serif;\">Anja Sauerland (21:50): \u201eDanke f\u00fcr diese tolle virtuelle Laufserie! Wieder fit! :-)\u201c<o:p><\/o:p><\/span><\/p><p style=\"margin: 0cm 0cm 0.0001pt; font-size: medium; font-family: Calibri, sans-serif; caret-color: rgb(0, 0, 0); color: rgb(0, 0, 0);\"><span style=\"font-size: 10pt; font-family: Arial, sans-serif;\">&nbsp;<\/span><\/p><p style=\"margin: 0cm 0cm 0.0001pt; font-size: medium; font-family: Calibri, sans-serif; caret-color: rgb(0, 0, 0); color: rgb(0, 0, 0);\"><span style=\"font-size: 10pt; font-family: Arial, sans-serif;\">Andreas van Westen (22:23): \u201e<\/span><span style=\"font-size: 10pt; font-family: Arial, sans-serif;\">Auf der Laufbahn, muttersehelen allein &#8211; Nostalgie pur, wie damals beim LC.\u201c<o:p><\/o:p><\/span><\/p><p style=\"margin: 0cm 0cm 0.0001pt; font-size: medium; font-family: Calibri, sans-serif; caret-color: rgb(0, 0, 0); color: rgb(0, 0, 0);\"><span style=\"font-size: 10pt; font-family: Arial, sans-serif;\">&nbsp;<\/span><\/p><p style=\"margin: 0cm 0cm 0.0001pt; font-size: medium; font-family: Calibri, sans-serif; caret-color: rgb(0, 0, 0); color: rgb(0, 0, 0);\"><span style=\"font-size: 10pt; font-family: Arial, sans-serif;\">Ulrike Meyer-Wilmes (24:08): \u201eToller Lauf mit grandioser Kulisse \ud83d\ude42 Gr\u00fc\u00dfe aus Wangerooge.\u201c<o:p><\/o:p><\/span><\/p><p style=\"margin: 0cm 0cm 0.0001pt; font-size: medium; font-family: Calibri, sans-serif; caret-color: rgb(0, 0, 0); color: rgb(0, 0, 0);\"><span style=\"font-size: 10pt; font-family: Arial, sans-serif;\">&nbsp;<\/span><\/p><p style=\"margin: 0cm 0cm 0.0001pt; font-size: medium; font-family: Calibri, sans-serif; caret-color: rgb(0, 0, 0); color: rgb(0, 0, 0);\"><span style=\"font-size: 10pt; font-family: Arial, sans-serif;\">Katarzyna Kolassa (23:57 Minuten): \u201eHeute mein pers\u00f6nlicher Rekord gebrochen, danke euch&#8230;. f\u00fcr die Motivation<\/span><span style=\"font-size: 10pt; font-family: Arial, sans-serif;\">\u201c<\/span><span style=\"font-size: 10pt; font-family: Arial, sans-serif;\"><o:p><\/o:p><\/span><\/p><p style=\"margin: 0cm 0cm 0.0001pt; font-size: medium; font-family: Calibri, sans-serif; caret-color: rgb(0, 0, 0); color: rgb(0, 0, 0);\"><span style=\"font-size: 10pt; font-family: Arial, sans-serif;\">&nbsp;<\/span><\/p><p style=\"margin: 0cm 0cm 0.0001pt; font-size: medium; font-family: Calibri, sans-serif; caret-color: rgb(0, 0, 0); color: rgb(0, 0, 0);\"><span style=\"font-size: 10pt; font-family: Arial, sans-serif;\">Detlef Wiechmann (24:30): \u201e<\/span><span style=\"font-size: 10pt; font-family: Arial, sans-serif;\">Gott sei Dank war noch Bier im K\u00fchlschrank ;-)\u201c<o:p><\/o:p><\/span><\/p><p style=\"margin: 0cm 0cm 0.0001pt; font-size: medium; font-family: Calibri, sans-serif; caret-color: rgb(0, 0, 0); color: rgb(0, 0, 0);\"><span style=\"font-size: 10pt; font-family: Arial, sans-serif;\">&nbsp;<\/span><\/p><p style=\"margin: 0cm 0cm 0.0001pt; font-size: medium; font-family: Calibri, sans-serif; caret-color: rgb(0, 0, 0); color: rgb(0, 0, 0);\"><span style=\"font-size: 10pt; font-family: Arial, sans-serif;\">Sonja Schlingmann (25:57): \u201eWarm war es. . . .\u201c<o:p><\/o:p><\/span><\/p><p style=\"margin: 0cm 0cm 0.0001pt; font-size: medium; font-family: Calibri, sans-serif; caret-color: rgb(0, 0, 0); color: rgb(0, 0, 0);\"><span style=\"font-size: 10pt; font-family: Arial, sans-serif;\">&nbsp;<\/span><\/p><p style=\"margin: 0cm 0cm 0.0001pt; font-size: medium; font-family: Calibri, sans-serif; caret-color: rgb(0, 0, 0); color: rgb(0, 0, 0);\"><span style=\"font-size: 10pt; font-family: Arial, sans-serif;\">Markus Schmand (26:48): \u201eSch\u00f6n war es, auf der Laufstrecke des Verler Triathlon, rund um den Verler See!\u201c<o:p><\/o:p><\/span><\/p><p style=\"margin: 0cm 0cm 0.0001pt; font-size: medium; font-family: Calibri, sans-serif; caret-color: rgb(0, 0, 0); color: rgb(0, 0, 0);\"><span style=\"font-size: 10pt; font-family: Arial, sans-serif;\">&nbsp;<\/span><\/p><p style=\"margin: 0cm 0cm 0.0001pt; font-size: medium; font-family: Calibri, sans-serif; caret-color: rgb(0, 0, 0); color: rgb(0, 0, 0);\"><span style=\"font-size: 10pt; font-family: Arial, sans-serif;\">Nicole Seggelmann (28:58): \u201eDas erste Mal unter 30 Minuten. Und das bei sch\u00f6nstem Wetter.<\/span><span style=\"font-size: 10pt; font-family: Arial, sans-serif;\">\u201c<\/span><span style=\"font-size: 10pt; font-family: Arial, sans-serif;\"><o:p><\/o:p><\/span><\/p><p style=\"margin: 0cm 0cm 0.0001pt; font-size: medium; font-family: Calibri, sans-serif; caret-color: rgb(0, 0, 0); color: rgb(0, 0, 0);\"><span style=\"font-size: 10pt; font-family: Arial, sans-serif;\">&nbsp;<\/span><\/p><p style=\"margin: 0cm 0cm 0.0001pt;\"><font color=\"#000000\" face=\"Arial, sans-serif\" size=\"2\"><span style=\"caret-color: rgb(0, 0, 0);\">Ergebnisse 5km:<\/span><\/font><\/p>\n<p>Schwippel\tTim\t00:15:26<br>Schrader\tDoninik\t00:15:27<br>Borgelt\tJulian\t00:15:49<br>Harder\tTom\t00:15:49<br>Scheller\tMarkus\t00:16:03<br>Kaschura\tJan\t00:16:10<br>Brand\tNils\t00:16:21<br>Hiermayr\tJens\t00:16:28<br>Zingler\tBenny\t00:16:47<br>Vogler\tKai\t00:16:50<br>Sino\tFerhad\t00:16:59<br>Thiel\tSascha\t00:17:07<br>P\u00f6hlker&nbsp;\tNils\t00:17:16<br>Bozduman\tMurat\t00:17:32<br>Hagemeier\tDaniel\t00:17:49<br>Hagemeier\tDaniel\t00:17:49<br>Busche\tDaniel\t00:17:56<br>Mertens&nbsp;\tPeter\t00:18:09<br>Przybilla\tRoland\t00:18:13<br>Diebels\tPhilipp\t00:18:28<br>Krau\u00dfe&nbsp;\tAlex\t00:18:31<br>Krause&nbsp;\tHolger&nbsp;\t00:18:32<br>Jording\tRalf\t00:18:43<br>Schulte\tBj\u00f6rn\t00:18:45<br>Nickel\tThomas\t00:18:46<br>Siegfried-Nawatzki\tDenis\t00:18:50<br>Stuke\tKevin David\t00:18:58<br>Niel\u00e4nder\tStefan\t00:19:00<br>Pietsch&nbsp;\tMarco\t00:19:06<br>Gersting\tBenno\t00:19:13<br>Sprehe\tRainer&nbsp;\t00:19:13<br>Baum\tStephan&nbsp;\t00:19:25<br>Horst\tIngolf\t00:19:49<br>Stanjek\tChristian\t00:19:52<br>Klos\tSebastian&nbsp;\t00:19:55<br>M\u00f6ller&nbsp;\tFabian\t00:20:02<br>Rammert\tOliver\t00:20:11<br>Schneider&nbsp;\tChristoph&nbsp;\t00:20:13<br>Serafinowski&nbsp;\tNadine&nbsp;\t00:20:14<br>Langkopf&nbsp;\tHeinrich\t00:20:15<br>Papperitz&nbsp;\tMatthias&nbsp;\t00:20:15<br>Klocke\tMatthias\t00:20:22<br>Telahr\tStephan\t00:20:34<br>Linke\tChristian\t00:20:37<br>Rickel\tChristian\t00:20:37<br>Blomeier\tMichael\t00:20:39<br>S\u00f6ker\tArne\t00:20:39<br>Hay\tJonas\t00:20:42<br>Beil\tBj\u00f6rn\t00:20:47<br>Kirchhoff\tMalte\t00:20:49<br>E\u00dfelmann\tChristian\t00:20:56<br>K\u00f6nig\tRalf\t00:20:56<br>Mu\u00dfmann\tRobert\t00:20:56<br>Weyland\tIsabelle\t00:20:56<br>Becker\tRobert\t00:20:59<br>Wagner\tAndreas\t00:21:00<br>Moll\tKai\t00:21:01<br>Haunschild\tThomas\t00:21:04<br>L\u00fcdorff\tSvea\t00:21:10<br>Stefan\tJannis\t00:21:10<br>Asri\tNuri\t00:21:13<br>Beckmann\tJan\t00:21:14<br>Strohmann\tAlexander\t00:21:21<br>Wolf\tElke\t00:21:23<br>Albers\tKristina\t00:21:24<br>Schmidt\tNorman\t00:21:27<br>Schumann\tStefan\t00:21:28<br>Hermelbracht&nbsp;\tJ\u00fcrgen&nbsp;\t00:21:30<br>M\u00f6ller\tFelix\t00:21:30<br>Sandbothe\tOlaf\t00:21:31<br>Bevers\tChristoph\t00:21:35<br>Poppensieker\tTanja\t00:21:36<br>Goldmann\tDaniel\t00:21:42<br>R\u00f6mich\tCarsten\t00:21:45<br>Ortpaul\tMario\t00:21:47<br>St\u00fcber\tJ\u00f6rg&nbsp;\t00:21:48<br>Sauerland\tAnja\t00:21:50<br>Epkenhans\tAndreas\t00:21:52<br>Perdun\tMartin\t00:21:53<br>Schrader\tDennis\t00:21:54<br>Hahne\tRuth&nbsp;\t00:21:58<br>Bu\u00dfmann\tMarie\t00:22:04<br>Noelle&nbsp;\tSebastian\t00:22:05<br>Konermann\tMarc\t00:22:06<br>Reinicke\tThomas\t00:22:15<br>Bradler&nbsp;\tVanessa\t00:22:22<br>van Westen\tAndreas\t00:22:23<br>Ad\u00e4mmer\tMatthias&nbsp;\t00:22:26<br>Herse\tAndy\t00:22:31<br>Kerwien\tUdo\t00:22:35<br>Siek\tMarion\t00:22:35<br>Meier\tMeik\t00:22:37<br>Steiner\tThomas\t00:22:45<br>Brummel\tDieter\t00:22:47<br>Platz\tDaniel\t00:22:47<br>Austermann&nbsp;\tRalf&nbsp;\t00:22:48<br>Striewski\tGerhard\t00:22:52<br>Humann\tFrank\t00:22:58<br>Friemelt\tTino\t00:23:01<br>Ebbes\tBj\u00f6rn\t00:23:02<br>Dorn\tFrank&nbsp;\t00:23:04<br>Remmert\tMartin\t00:23:04<br>Schmidt\tBenedict\t00:23:04<br>Kintrup&nbsp;\tAndreas&nbsp;\t00:23:05<br>Altmiks\tFrank\t00:23:08<br>B\u00f6hl\tJennifer\t00:23:12<br>Zurek\tMike\t00:23:14<br>Lange\tErnst\t00:23:15<br>Fromm\tAndreas\t00:23:20<br>Klimitz\tOliver\t00:23:20<br>Schleper&nbsp;\tStefan&nbsp;\t00:23:24<br>Just\tGerd\t00:23:26<br>Peters\tStefan\t00:23:26<br>Wehmeier\tEckhard\t00:23:28<br>H\u00fclsmann\tMarcus\t00:23:31<br>Hildebrand\tMelina\t00:23:33<br>Rheker\tDominik\t00:23:42<br>Hampe\tDennis\t00:23:43<br>Thater\tLisa\t00:23:44<br>Rammert\tUschi\t00:23:50<br>Bole\tBenedikt\t00:23:52<br>Brummel\tMadeleine\t00:23:52<br>Guthmann\tJen\t00:23:55<br>Gerdes&nbsp;\tPatrick&nbsp;\t00:23:56<br>Kolassa&nbsp;\tKatarzyna&nbsp;\t00:23:57<br>Jurke\tFrank\t00:24:04<br>Kramer\tBrigitte\t00:24:06<br>Meyer-Wilmes\tUlrike\t00:24:08<br>M\u00f6rs\tSiegfried\t00:24:13<br>Bockstede\tVeit\t00:24:15<br>Rogat\tRowena\t00:24:18<br>Schwuchow\tJulian\t00:24:18<br>Theele\tCorinna\t00:24:18<br>Kleib\u00f6hmer&nbsp;\tDietmar\t00:24:21<br>Hornberger\tChristina\t00:24:23<br>Schoeps&nbsp;\tDirk\t00:24:23<br>Fauseweh\tVanessa\t00:24:25<br>Wallmeyer&nbsp;\tHendrik\t00:24:27<br>Meierfrankenfeld&nbsp;\tAnnalena\t00:24:29<br>Br\u00fcggershemke&nbsp;\tSandra&nbsp;\t00:24:30<br>Wiechmann\tDetlef\t00:24:30<br>Burholt\tAndreas\t00:24:33<br>Grap\tSebastian&nbsp;\t00:24:33<br>B\u00f6hnsch\tFrank\t00:24:36<br>Delker\tHelmut\t00:24:39<br>Wenzel\tPascal\t00:24:39<br>W\u00fcnsche\tAndr\u00e9\t00:24:40<br>H\u00f6lker&nbsp;\tMarkus\t00:24:44<br>Weber\tSebastian\t00:24:45<br>Stanjek\tKatharina\t00:24:46<br>Nacke\tDetlef\t00:24:48<br>Sporthalle&nbsp;\tDoris\t00:24:48<br>Blomeier\tKerstin\t00:24:52<br>Brieden\tAndreas\t00:24:55<br>Jakuschona\tKarsten\t00:25:00<br>Kleinegesse\tDaniela\t00:25:00<br>Kr\u00e4mer\tBirgit\t00:25:02<br>Thielemann\tMarie-Luise\t00:25:10<br>Gr\u00fcnebaum\tThilo\t00:25:13<br>Hemkentokrax&nbsp;\tJochen\t00:25:16<br>Schwienheer\tDenise\t00:25:16<br>Toppm\u00f6ller\tStefpan\t00:25:16<br>Kowohl\tKathlen\t00:25:20<br>Strothmann\tLars Hendrik\t00:25:23<br>St\u00fcker\tMareen\t00:25:24<br>Schmolke\tMaik\t00:25:34<br>Sandbote&nbsp;\tMartin\t00:25:35<br>Erdmann\tBritta\t00:25:36<br>Weidmann\tGabriele\t00:25:36<br>Scheller\tJohanna\t00:25:37<br>Bojert\tSandra&nbsp;\t00:25:48<br>Herting\tLiv\t00:25:48<br>Gerling\tAlexander\t00:25:49<br>Freitag&nbsp;\tAnja\t00:25:51<br>Klein&nbsp;\tMarkus&nbsp;\t00:25:57<br>Schlingmann&nbsp;\tSonja\t00:25:57<br>Claas\tEugen\t00:26:00<br>Herting&nbsp;\tArne\t00:26:01<br>M\u00fchlenkord\tWinfried\t00:26:03<br>M\u00f6ller\tGerald\t00:26:05<br>Fuchs\tRoger\t00:26:05<br>Harms\tMarco\t00:26:06<br>Pagenstedt\tAnn-Sophie\t00:26:08<br>Venker\tBodo\t00:26:09<br>Mi\u00dffeldt&nbsp;\tHarald\t00:26:18<br>Dollerschell\tKerstin\t00:26:20<br>Bockhorst&nbsp;\tFriederike\t00:26:37<br>Kemper\tKatharina&nbsp;\t00:26:37<br>Kissner\tTina\t00:26:37<br>Beerbaum&nbsp;\tAnke\t00:26:46<br>Franke\tDirk\t00:26:48<br>Pankoke\tNils\t00:26:48<br>Schmand&nbsp;\tMarkus\t00:26:48<br>M\u00fcller\tPeter\t00:26:51<br>Pankoke\tHorst\t00:26:51<br>M\u00fcller\tFrank\t00:26:56<br>M\u00fcller\tSvenja\t00:26:56<br>Assuncao\tTanja\t00:26:58<br>Sander&nbsp;\tConny\t00:27:00<br>Fleischer\tAnke\t00:27:04<br>Graflage\tKathrin\t00:27:06<br>Frenz\tCarsten\t00:27:11<br>Diemann\tDaniela\t00:27:13<br>Grothues\tElke\t00:27:14<br>Henning&nbsp;\tBrune&nbsp;\t00:27:17<br>Kern\tChristiana\t00:27:19<br>Rahe\tUrsula&nbsp;\t00:27:28<br>Pfizenmaier\tBarbara\t00:27:30<br>Ko\tElisa\t00:27:34<br>Nentwig&nbsp;\tPetra\t00:27:35<br>Hollmann\tFlorian\t00:27:39<br>Kolle\tHeike\t00:27:42<br>Pollmeyer\tSilke\t00:27:49<br>Eggemann\tSvenja\t00:27:50<br>Christa\tMartina\t00:27:54<br>Lienker\tMichael\t00:27:58<br>Scharpenberg\tSusanne\t00:27:58<br>Zaddach\tAnke\t00:27:58<br>Grimm\tSabine\t00:28:00<br>Steinweg\tJulia\t00:28:05<br>Stelter\tAnna\t00:28:08<br>Danzi\tThomas\t00:28:11<br>Hawrylo&nbsp;\tJanna&nbsp;\t00:28:13<br>Brandt\tJasmin\t00:28:15<br>Hegemann\tFriederieke\t00:28:15<br>Brinkmann\tSebastian\t00:28:20<br>Penner\tAstrid\t00:28:30<br>Hiegemann&nbsp;\tBritta\t00:28:36<br>He\u00dfelmann&nbsp;\tMeike&nbsp;\t00:28:41<br>Diemann\tStefan\t00:28:44<br>Brinkmann\tHorst\t00:28:45<br>D\u00f6hring\tStefanie\t00:28:46<br>Reinsch&nbsp;\tIna&nbsp;\t00:28:50<br>Seggelmann\tNicole\t00:28:58<br>Blomberg\tStefanie\t00:28:59<br>Papperitz\tSusann\t00:28:59<br>Sch\u00fcller\tRalf\t00:29:00<br>Albers\tCarlotta\t00:29:10<br>Wesselmann&nbsp;\tDaniela&nbsp;\t00:29:19<br>Borgstedt\tFrauke\t00:29:21<br>K\u00fcsterameling&nbsp;\tBirgitta\t00:29:21<br>Borgstedt\tThomas&nbsp;\t00:29:24<br>Niel\u00e4nder\tStephanie\t00:29:24<br>Steffens\tKai\t00:29:25<br>Giersberg\tAnke\t00:29:28<br>Herzog\tAnna\t00:29:29<br>Kellermann\tKatharina\t00:29:36<br>M\u00e4kel\tD\u00f6rte\t00:29:43<br>Sturm&nbsp;\tKarina&nbsp;\t00:29:43<br>Wollny-Janssen\tYvonne\t00:29:44<br>Wippenhohn\tBirthe\t00:29:47<br>Jurke\tVanessa\t00:29:49<br>Wemhoff\tMichaela&nbsp;\t00:29:53<br>Hassenewert\tEva\t00:29:58<br>Grunenberg\tClaudia\t00:30:11<br>Grippentrog&nbsp;\tKristin\t00:30:16<br>Czerny\tTeodora\t00:30:20<br>Pensky\tDaniel\t00:30:25<br>Hawrylo\tHelmut\t00:30:30<br>Erdem\tZeynep\t00:30:39<br>Stammeier\tMichaela\t00:30:40<br>Kirk\tMichael\t00:30:46<br>Bielawny\tAndreas\t00:30:47<br>Faber\tSusanne\t00:30:52<br>Wischott\tGisela\t00:30:53<br>Schmidt\tHeike\t00:30:54<br>Recht\tPeter\t00:31:02<br>Pfizenmaier\tDirk-Oliver\t00:31:10<br>Gr\u00fcnwald&nbsp;\tBarbara\t00:31:12<br>Baumeister&nbsp;\tNicole\t00:31:17<br>Seggelmann&nbsp;\tDiana\t00:31:19<br>Becker\tFriedhelm\t00:31:20<br>H\u00fchn\tIris\t00:31:28<br>Feldhans\tMelanie\t00:31:32<br>Wellenbrink\tAndrea\t00:31:43<br>Frenzel\tVanessa\t00:31:52<br>B\u00f6ttcher\tMarkus\t00:32:29<br>Walk\tJulia\t00:32:34<br>H\u00fcttenh\u00f6lscher\tManuel\t00:32:54<br>Beerbaum&nbsp;\tTjark&nbsp;\t00:33:00<br>Duddeck\tAndrea\t00:33:16<br>Wilmsen&nbsp;\tDietmar&nbsp;\t00:33:41<br>Niemeier-Vogt\tSimone\t00:34:00<br>Klingebiel\tHans-Peter\t00:34:21<br>L\u00f6bus\tMirko\t00:34:28<br>B\u00f6hnsch\tMichaela\t00:34:43<br>T\u00e4nzer\tDieter\t00:34:48<br>Kintrup&nbsp;\tMiriam&nbsp;\t00:35:09<br>G\u00fcnnewig\tAnna\t00:35:27<br>Kl\u00f6ckner\tAndrea\t00:36:18<br>H\u00e4usler\tUrsula\t00:36:20<br>Mcclymont&nbsp;\tWendy\t00:37:14<br>Theil\tDoreen\t00:38:38<br>Bunte\tAndreas\t00:39:05<br>Kramer\tRenate\t00:39:31<br>K\u00fcmmel\tSylvia\t00:39:35<br>Adolph\tMeike\t00:40:50<br>Steinbeck\tSara\t00:48:36<\/p>\t\t\t\t\t<\/div>\n\t\t\t\t\t\t<\/div>\n\t\t\t\t<\/div>\n\t\t\t\t\t\t<\/div>\n\t\t\t\t\t<\/div>\n\t\t<\/div>\n\t\t\t\t\t\t\t\t<\/div>\n\t\t\t\t\t<\/div>\n\t\t<\/section>\n\t\t\t\t\t\t\t\t\t<\/div>\n\t\t\t<\/div>\n\t\t\t\t\t<\/div>\n\t\t","protected":false},"excerpt":{"rendered":"<p>Volksbanken-Nightcup Solol\u00e4ufe: Julian Borgelt mit neuer 5000-m-Bestzeit &nbsp; Kreis G\u00fctersloh (rob). Die Solol\u00e4ufe um den Volksbanken-Nightcup brachten vielen Teilnehmern in diesem Fr\u00fchjahr pers\u00f6nliche Bestzeiten. Beim dritten Durchgang, der zum Pfingstwochenende \u00fcber 5 Kilometer f\u00fchrte, gab es mit 296 \u201eFinishern\u201c zudem einen Teilnehmerrekord.&nbsp; &nbsp; Der Braunschweiger Marathonspezialist Tim-Niklas Schwippel baute seinen Vorsprung in der Serienwertung auf&hellip;&nbsp;<a href=\"http:\/\/volksbanken-nightcup.de\/?p=1488\" class=\"\" rel=\"bookmark\">Read More &raquo;<span class=\"screen-reader-text\">5 km: Julian Borgelt 15:49 Minuten<\/span><\/a><\/p>\n","protected":false},"author":2,"featured_media":1494,"comment_status":"open","ping_status":"open","sticky":false,"template":"","format":"standard","meta":{"neve_meta_sidebar":"","neve_meta_container":"","neve_meta_enable_content_width":"","neve_meta_content_width":0,"neve_meta_title_alignment":"","neve_meta_author_avatar":"","neve_post_elements_order":"","neve_meta_disable_header":"","neve_meta_disable_footer":"","neve_meta_disable_title":"","_ti_tpc_template_sync":false,"_ti_tpc_template_id":""},"categories":[1],"tags":[],"_links":{"self":[{"href":"http:\/\/volksbanken-nightcup.de\/index.php?rest_route=\/wp\/v2\/posts\/1488"}],"collection":[{"href":"http:\/\/volksbanken-nightcup.de\/index.php?rest_route=\/wp\/v2\/posts"}],"about":[{"href":"http:\/\/volksbanken-nightcup.de\/index.php?rest_route=\/wp\/v2\/types\/post"}],"author":[{"embeddable":true,"href":"http:\/\/volksbanken-nightcup.de\/index.php?rest_route=\/wp\/v2\/users\/2"}],"replies":[{"embeddable":true,"href":"http:\/\/volksbanken-nightcup.de\/index.php?rest_route=%2Fwp%2Fv2%2Fcomments&post=1488"}],"version-history":[{"count":4,"href":"http:\/\/volksbanken-nightcup.de\/index.php?rest_route=\/wp\/v2\/posts\/1488\/revisions"}],"predecessor-version":[{"id":1499,"href":"http:\/\/volksbanken-nightcup.de\/index.php?rest_route=\/wp\/v2\/posts\/1488\/revisions\/1499"}],"wp:featuredmedia":[{"embeddable":true,"href":"http:\/\/volksbanken-nightcup.de\/index.php?rest_route=\/wp\/v2\/media\/1494"}],"wp:attachment":[{"href":"http:\/\/volksbanken-nightcup.de\/index.php?rest_route=%2Fwp%2Fv2%2Fmedia&parent=1488"}],"wp:term":[{"taxonomy":"category","embeddable":true,"href":"http:\/\/volksbanken-nightcup.de\/index.php?rest_route=%2Fwp%2Fv2%2Fcategories&post=1488"},{"taxonomy":"post_tag","embeddable":true,"href":"http:\/\/volksbanken-nightcup.de\/index.php?rest_route=%2Fwp%2Fv2%2Ftags&post=1488"}],"curies":[{"name":"wp","href":"https:\/\/api.w.org\/{rel}","templated":true}]}}